{"id":5788,"date":"2025-03-05T00:00:39","date_gmt":"2025-03-05T00:00:39","guid":{"rendered":"https:\/\/skope.pt\/uncategorized\/projeto-aradas-no-skope\/"},"modified":"2025-04-09T15:32:36","modified_gmt":"2025-04-09T15:32:36","slug":"project-aradas-at-skope","status":"publish","type":"post","link":"https:\/\/skope.pt\/en\/news\/project-aradas-at-skope\/","title":{"rendered":"Project ARADAS + at Skope"},"content":{"rendered":"<p>As part of the ARADAS + projects, launched seven years ago by the <a href=\"https:\/\/jf-aradas.pt\/\" rel=\"nofollow noopener\" target=\"_blank\">Aradas Parish Council<\/a>, Skope received a group of curious and excited visitors!<\/p>\n<p>These projects aim to provide the population of Aradas with a range of activities that actively contribute to improving lifestyles and adopting healthier behaviors.<\/p>\n<p>Many thanks to all the visitors for their visit and a very special thank you to the President of the Parish Council, Dr. Catarina Barreto, for her appreciation of Skope and its role in promoting the region&#8217;s culture and health education.<\/p>\n","protected":false},"excerpt":{"rendered":"<p>As part of the ARADAS + projects, launched seven years ago by the Aradas Parish Council, Skope received a group of curious and excited visitors! These projects aim to provide [&hellip;]<\/p>\n","protected":false},"author":6,"featured_media":5789,"comment_status":"closed","ping_status":"closed","sticky":false,"template":"","format":"standard","meta":{"_et_pb_use_builder":"off","_et_pb_old_content":"No \u00e2mbito dos projetos ARADAS +, lan\u00e7ados h\u00e1 sete anos pela <a href=\"https:\/\/jf-aradas.pt\/\">Junta de Freguesia de Aradas<\/a>, o Skope recebeu um grupo de visitantes curiosos e animados!\r\n\r\nEstes projetos visam proporcionar um conjunto de atividades juntos da popula\u00e7\u00e3o de Aradas que contribuam ativamente para a melhoria do estilo de vida e ado\u00e7\u00e3o de comportamentos mais saud\u00e1veis.\r\n\r\nA todos os visitantes muito obrigada pela visita e um agradecimentos muito especial \u00e0 Sra. Presidente da Junta de Freguesia, Dra. Catarina Barreto, pela valoriza\u00e7\u00e3o do Skope e do seu papel na promo\u00e7\u00e3o da cultura da regi\u00e3o e da educa\u00e7\u00e3o para a sa\u00fade.","_et_gb_content_width":"","_price":"","_stock":"","_tribe_ticket_header":"","_tribe_default_ticket_provider":"","_tribe_ticket_capacity":"0","_ticket_start_date":"","_ticket_end_date":"","_tribe_ticket_show_description":"","_tribe_ticket_show_not_going":false,"_tribe_ticket_use_global_stock":"","_tribe_ticket_global_stock_level":"","_global_stock_mode":"","_global_stock_cap":"","_tribe_rsvp_for_event":"","_tribe_ticket_going_count":"","_tribe_ticket_not_going_count":"","_tribe_tickets_list":"[]","_tribe_ticket_has_attendee_info_fields":false,"footnotes":""},"categories":[49],"tags":[],"class_list":["post-5788","post","type-post","status-publish","format-standard","has-post-thumbnail","hentry","category-news"],"_links":{"self":[{"href":"https:\/\/skope.pt\/en\/wp-json\/wp\/v2\/posts\/5788","targetHints":{"allow":["GET"]}}],"collection":[{"href":"https:\/\/skope.pt\/en\/wp-json\/wp\/v2\/posts"}],"about":[{"href":"https:\/\/skope.pt\/en\/wp-json\/wp\/v2\/types\/post"}],"author":[{"embeddable":true,"href":"https:\/\/skope.pt\/en\/wp-json\/wp\/v2\/users\/6"}],"replies":[{"embeddable":true,"href":"https:\/\/skope.pt\/en\/wp-json\/wp\/v2\/comments?post=5788"}],"version-history":[{"count":3,"href":"https:\/\/skope.pt\/en\/wp-json\/wp\/v2\/posts\/5788\/revisions"}],"predecessor-version":[{"id":5792,"href":"https:\/\/skope.pt\/en\/wp-json\/wp\/v2\/posts\/5788\/revisions\/5792"}],"wp:featuredmedia":[{"embeddable":true,"href":"https:\/\/skope.pt\/en\/wp-json\/wp\/v2\/media\/5789"}],"wp:attachment":[{"href":"https:\/\/skope.pt\/en\/wp-json\/wp\/v2\/media?parent=5788"}],"wp:term":[{"taxonomy":"category","embeddable":true,"href":"https:\/\/skope.pt\/en\/wp-json\/wp\/v2\/categories?post=5788"},{"taxonomy":"post_tag","embeddable":true,"href":"https:\/\/skope.pt\/en\/wp-json\/wp\/v2\/tags?post=5788"}],"curies":[{"name":"wp","href":"https:\/\/api.w.org\/{rel}","templated":true}]}}